{"id":12172,"date":"2025-01-02T16:02:12","date_gmt":"2025-01-02T16:02:12","guid":{"rendered":"https:\/\/lumarquimica.com\/?p=12172"},"modified":"2025-01-24T11:12:35","modified_gmt":"2025-01-24T11:12:35","slug":"lumar-quimica-en-la-prensa-accio-destaca-nuestra-expansion-internacional","status":"publish","type":"post","link":"https:\/\/lumarquimica.com\/ca\/2025\/01\/02\/lumar-quimica-en-la-prensa-accio-destaca-nuestra-expansion-internacional\/","title":{"rendered":"Lumar Qu\u00edmica a la premsa: ACCI\u00d3 destaca la nostra expansi\u00f3 internacional"},"content":{"rendered":"\t\t<div data-elementor-type=\"wp-post\" data-elementor-id=\"12172\" class=\"elementor elementor-12172 elementor-12171\" data-elementor-settings=\"[]\">\r\n\t\t\t\t\t\t<div class=\"elementor-inner\">\r\n\t\t\t\t\t\t\t<div class=\"elementor-section-wrap\">\r\n\t\t\t\t\t\t\t<section class=\"elementor-section elementor-top-section elementor-element elementor-element-8fd2e5f elementor-section-boxed elementor-section-height-default elementor-section-height-default\" data-id=\"8fd2e5f\" data-element_type=\"section\">\r\n\t\t\t\t\t\t<div class=\"elementor-container elementor-column-gap-thegem\">\r\n\t\t\t\t\t\t\t<div class=\"elementor-row\">\r\n\t\t\t\t\t<div class=\"elementor-column elementor-col-100 elementor-top-column elementor-element elementor-element-c8a37bf\" data-id=\"c8a37bf\" data-element_type=\"column\">\r\n\t\t\t<div class=\"elementor-column-wrap elementor-element-populated\">\r\n\t\t\t\t\t\t\t<div class=\"elementor-widget-wrap\">\r\n\t\t\t\t\t\t<section class=\"elementor-section elementor-inner-section elementor-element elementor-element-6fc612e elementor-section-boxed elementor-section-height-default elementor-section-height-default\" data-id=\"6fc612e\" data-element_type=\"section\" data-settings=\"{&quot;background_background&quot;:&quot;classic&quot;}\">\r\n\t\t\t\t\t\t<div class=\"elementor-container elementor-column-gap-thegem\">\r\n\t\t\t\t\t\t\t<div class=\"elementor-row\">\r\n\t\t\t\t\t<div class=\"elementor-column elementor-col-50 elementor-inner-column elementor-element elementor-element-5141ab2\" data-id=\"5141ab2\" data-element_type=\"column\">\r\n\t\t\t<div class=\"elementor-column-wrap elementor-element-populated\">\r\n\t\t\t\t\t\t\t<div class=\"elementor-widget-wrap\">\r\n\t\t\t\t\t\t<div class=\"elementor-element elementor-element-6b6c53e flex-horizontal-align-default flex-horizontal-align-tablet-default flex-horizontal-align-mobile-default flex-vertical-align-default flex-vertical-align-tablet-default flex-vertical-align-mobile-default elementor-widget elementor-widget-text-editor\" data-id=\"6b6c53e\" data-element_type=\"widget\" data-widget_type=\"text-editor.default\">\r\n\t\t\t\t<div class=\"elementor-widget-container\">\r\n\t\t\t<style>\/*! elementor - v3.5.5 - 03-02-2022 *\/\r\n.elementor-widget-text-editor.elementor-drop-cap-view-stacked .elementor-drop-cap{background-color:#818a91;color:#fff}.elementor-widget-text-editor.elementor-drop-cap-view-framed .elementor-drop-cap{color:#818a91;border:3px solid;background-color:transparent}.elementor-widget-text-editor:not(.elementor-drop-cap-view-default) .elementor-drop-cap{margin-top:8px}.elementor-widget-text-editor:not(.elementor-drop-cap-view-default) .elementor-drop-cap-letter{width:1em;height:1em}.elementor-widget-text-editor .elementor-drop-cap{float:left;text-align:center;line-height:1;font-size:50px}.elementor-widget-text-editor .elementor-drop-cap-letter{display:inline-block}<\/style>\t\t\t\t\t<div class=\"elementor-text-editor elementor-clearfix\">\r\n\t\t\t\t<p style=\"text-align: justify;\">A Lumar Qu\u00edmica estem orgullosos de compartir que la nostra recent expansi\u00f3 a M\u00e8xic ha estat not\u00edcia a la nota de premsa publicada per <strong>ACCI\u00d3<\/strong>, l&#8217;Ag\u00e8ncia per la Competitivitat de l&#8217;Empresa de la Generalitat de Catalunya. Aquest reconeixement subratlla la nostra aposta decidida per la internacionalitzaci\u00f3 i el nostre comprom\u00eds amb un creixement sostenible en mercats clau com Am\u00e8rica Llatina.<\/p><p>\u00a0<\/p><p style=\"text-align: justify;\"><strong>ACCI\u00d3<\/strong> \u00e9s una entitat clau per a les empreses catalanes, oferint suport estrat\u00e8gic en processos d\u2019innovaci\u00f3, internacionalitzaci\u00f3 i transformaci\u00f3 empresarial. La seva missi\u00f3 \u00e9s ajudar empreses com la nostra a assolir nous horitzons, posicionant-nos com a referents en el nostre sector. Que la nostra hist\u00f2ria formi part de la seva comunicaci\u00f3 \u00e9s un honor que refor\u00e7a la nostra visi\u00f3 de creixement global.<\/p><p>\u00a0<\/p><p style=\"text-align: justify;\">La nostra expansi\u00f3 a M\u00e8xic, amb l\u2019obertura d\u2019una filial a Quer\u00e9taro, no nom\u00e9s amplia la nostra pres\u00e8ncia al continent americ\u00e0, sin\u00f3 que tamb\u00e9 ens permet estar m\u00e9s a prop dels nostres clients a la regi\u00f3, oferint solucions qu\u00edmiques adaptades a les seves necessitats espec\u00edfiques.<\/p>\t\t\t\t\t<\/div>\r\n\t\t\t\t\t\t<\/div>\r\n\t\t\t\t<\/div>\r\n\t\t\t\t\t\t<\/div>\r\n\t\t\t\t\t<\/div>\r\n\t\t<\/div>\r\n\t\t\t\t<div class=\"elementor-column elementor-col-50 elementor-inner-column elementor-element elementor-element-3735996\" data-id=\"3735996\" data-element_type=\"column\">\r\n\t\t\t<div class=\"elementor-column-wrap elementor-element-populated\">\r\n\t\t\t\t\t\t\t<div class=\"elementor-widget-wrap\">\r\n\t\t\t\t\t\t<div class=\"elementor-element elementor-element-c167179 flex-horizontal-align-default flex-horizontal-align-tablet-default flex-horizontal-align-mobile-default flex-vertical-align-default flex-vertical-align-tablet-default flex-vertical-align-mobile-default elementor-widget elementor-widget-image\" data-id=\"c167179\" data-element_type=\"widget\" data-widget_type=\"image.default\">\r\n\t\t\t\t<div class=\"elementor-widget-container\">\r\n\t\t\t<style>\/*! elementor - v3.5.5 - 03-02-2022 *\/\r\n.elementor-widget-image{text-align:center}.elementor-widget-image a{display:inline-block}.elementor-widget-image a img[src$=\".svg\"]{width:48px}.elementor-widget-image img{vertical-align:middle;display:inline-block}<\/style>\t\t\t\t\t<div class=\"elementor-image\">\r\n\t\t\t\t\t\t\t\t\t\t\t\t<img decoding=\"async\" width=\"1024\" height=\"779\" src=\"https:\/\/lumarquimica.com\/wp-content\/uploads\/2025\/01\/Lumar2-1024x779.jpg\" class=\"attachment-large size-large\" alt=\"\" srcset=\"https:\/\/lumarquimica.com\/wp-content\/uploads\/2025\/01\/Lumar2-1024x779.jpg 1024w, https:\/\/lumarquimica.com\/wp-content\/uploads\/2025\/01\/Lumar2-300x228.jpg 300w, https:\/\/lumarquimica.com\/wp-content\/uploads\/2025\/01\/Lumar2-768x584.jpg 768w, https:\/\/lumarquimica.com\/wp-content\/uploads\/2025\/01\/Lumar2-1536x1169.jpg 1536w, https:\/\/lumarquimica.com\/wp-content\/uploads\/2025\/01\/Lumar2-600x457.jpg 600w, https:\/\/lumarquimica.com\/wp-content\/uploads\/2025\/01\/Lumar2.jpg 1752w\" sizes=\"(max-width: 1024px) 100vw, 1024px\" \/>\t\t\t\t\t\t\t\t\t\t\t\t\t\t<\/div>\r\n\t\t\t\t\t\t<\/div>\r\n\t\t\t\t<\/div>\r\n\t\t\t\t\t\t<\/div>\r\n\t\t\t\t\t<\/div>\r\n\t\t<\/div>\r\n\t\t\t\t\t\t\t\t<\/div>\r\n\t\t\t\t\t<\/div>\r\n\t\t<\/section>\r\n\t\t\t\t\t\t<\/div>\r\n\t\t\t\t\t<\/div>\r\n\t\t<\/div>\r\n\t\t\t\t\t\t\t\t<\/div>\r\n\t\t\t\t\t<\/div>\r\n\t\t<\/section>\r\n\t\t\t\t<section class=\"elementor-section elementor-top-section elementor-element elementor-element-49b3984 elementor-section-boxed elementor-section-height-default elementor-section-height-default\" data-id=\"49b3984\" data-element_type=\"section\">\r\n\t\t\t\t\t\t<div class=\"elementor-container elementor-column-gap-thegem\">\r\n\t\t\t\t\t\t\t<div class=\"elementor-row\">\r\n\t\t\t\t\t<div class=\"elementor-column elementor-col-100 elementor-top-column elementor-element elementor-element-3ec8393\" data-id=\"3ec8393\" data-element_type=\"column\">\r\n\t\t\t<div class=\"elementor-column-wrap elementor-element-populated\">\r\n\t\t\t\t\t\t\t<div class=\"elementor-widget-wrap\">\r\n\t\t\t\t\t\t<div class=\"elementor-element elementor-element-c1bf71e flex-horizontal-align-default flex-horizontal-align-tablet-default flex-horizontal-align-mobile-default flex-vertical-align-default flex-vertical-align-tablet-default flex-vertical-align-mobile-default elementor-widget elementor-widget-text-editor\" data-id=\"c1bf71e\" data-element_type=\"widget\" data-widget_type=\"text-editor.default\">\r\n\t\t\t\t<div class=\"elementor-widget-container\">\r\n\t\t\t\t\t\t\t\t<div class=\"elementor-text-editor elementor-clearfix\">\r\n\t\t\t\t<p style=\"text-align: justify;\">Aquest assoliment \u00e9s el resultat de l\u2019esfor\u00e7 del nostre equip i del suport d\u2019<strong>ACCI\u00d3<\/strong>, que ha estat un soci clau en aquest cam\u00ed. Volem expressar el nostre m\u00e9s sincer agra\u00efment a <strong>ACCI\u00d3<\/strong> per destacar aquesta fita i pel suport constant que ofereix a les empreses catalanes que, com nosaltres, aposten per la innovaci\u00f3 i l\u2019excel\u00b7l\u00e8ncia.<\/p><p style=\"text-align: justify;\">Si vols llegir la nota de premsa completa publicada per <strong>ACCI\u00d3<\/strong>, t\u2019animem a visitar-la <a href=\"https:\/\/www.accio.gencat.cat\/ca\/accio\/premsa-comunicacio\/cercador-premsa-actualitat\/article\/20241229-lumar-quimica-obre-filial-mexic-america-llatina\" target=\"_blank\" rel=\"noopener\" data-saferedirecturl=\"https:\/\/www.google.com\/url?q=https:\/\/www.accio.gencat.cat\/ca\/accio\/premsa-comunicacio\/cercador-premsa-actualitat\/article\/20241229-lumar-quimica-obre-filial-mexic-america-llatina&amp;source=gmail&amp;ust=1735899493214000&amp;usg=AOvVaw0Arll6p2wrGWfiRYh_v3TS\">aqu\u00ed<\/a>.<u><\/u><u><\/u><\/p><div align=\"center\">\u00a0<\/div>\t\t\t\t\t<\/div>\r\n\t\t\t\t\t\t<\/div>\r\n\t\t\t\t<\/div>\r\n\t\t\t\t\t\t<\/div>\r\n\t\t\t\t\t<\/div>\r\n\t\t<\/div>\r\n\t\t\t\t\t\t\t\t<\/div>\r\n\t\t\t\t\t<\/div>\r\n\t\t<\/section>\r\n\t\t\t\t\t\t<\/div>\r\n\t\t\t\t\t\t<\/div>\r\n\t\t\t\t\t<\/div>\r\n\t\t","protected":false},"excerpt":{"rendered":"<p>A Lumar Qu\u00edmica estem orgullosos de compartir que la nostra recent expansi\u00f3 a M\u00e8xic ha estat not\u00edcia a la nota de premsa publicada per ACCI\u00d3, l&#8217;Ag\u00e8ncia per la Competitivitat de l&#8217;Empresa de la Generalitat de Catalunya. Aquest reconeixement subratlla la nostra aposta decidida per la internacionalitzaci\u00f3 i el nostre comprom\u00eds amb un creixement sostenible en mercats clau com Am\u00e8rica Llatina.<\/p>\n","protected":false},"author":3,"featured_media":12180,"comment_status":"closed","ping_status":"closed","sticky":false,"template":"single-fullwidth.php","format":"standard","meta":{"footnotes":""},"categories":[40],"tags":[],"class_list":{"0":"post-12172","1":"post","2":"type-post","3":"status-publish","4":"format-standard","5":"has-post-thumbnail","7":"category-noticies"},"yoast_head":"<!-- This site is optimized with the Yoast SEO plugin v27.4 - https:\/\/yoast.com\/product\/yoast-seo-wordpress\/ -->\n<title>Lumar Qu\u00edmica a la premsa: ACCI\u00d3 destaca la nostra expansi\u00f3 internacional<\/title>\n<meta name=\"description\" content=\"A Lumar Qu\u00edmica estem orgullosos de compartir que la nostra recent expansi\u00f3 a M\u00e8xic ha estat not\u00edcia a la nota de premsa publicada per ACCI\u00d3, l&#039;Ag\u00e8ncia per la Competitivitat de l&#039;Empresa de la Generalitat de Catalunya. Aquest reconeixement subratlla la nostra aposta decidida per la internacionalitzaci\u00f3 i el nostre comprom\u00eds amb un creixement sostenible en mercats clau com Am\u00e8rica Llatina.\" \/>\n<meta name=\"robots\" content=\"index, follow, max-snippet:-1, max-image-preview:large, max-video-preview:-1\" \/>\n<link rel=\"canonical\" href=\"https:\/\/lumarquimica.com\/ca\/2025\/01\/02\/lumar-quimica-en-la-prensa-accio-destaca-nuestra-expansion-internacional\/\" \/>\n<meta property=\"og:locale\" content=\"ca_ES\" \/>\n<meta property=\"og:type\" content=\"article\" \/>\n<meta property=\"og:title\" content=\"Lumar Qu\u00edmica a la premsa: ACCI\u00d3 destaca la nostra expansi\u00f3 internacional\" \/>\n<meta property=\"og:description\" content=\"A Lumar Qu\u00edmica estem orgullosos de compartir que la nostra recent expansi\u00f3 a M\u00e8xic ha estat not\u00edcia a la nota de premsa publicada per ACCI\u00d3, l&#039;Ag\u00e8ncia per la Competitivitat de l&#039;Empresa de la Generalitat de Catalunya. Aquest reconeixement subratlla la nostra aposta decidida per la internacionalitzaci\u00f3 i el nostre comprom\u00eds amb un creixement sostenible en mercats clau com Am\u00e8rica Llatina.\" \/>\n<meta property=\"og:url\" content=\"https:\/\/lumarquimica.com\/ca\/2025\/01\/02\/lumar-quimica-en-la-prensa-accio-destaca-nuestra-expansion-internacional\/\" \/>\n<meta property=\"og:site_name\" content=\"Lumar Qu\u00edmica\" \/>\n<meta property=\"article:published_time\" content=\"2025-01-02T16:02:12+00:00\" \/>\n<meta property=\"article:modified_time\" content=\"2025-01-24T11:12:35+00:00\" \/>\n<meta property=\"og:image\" content=\"https:\/\/lumarquimica.com\/wp-content\/uploads\/2025\/01\/lumar-accio-1.jpg\" \/>\n\t<meta property=\"og:image:width\" content=\"1170\" \/>\n\t<meta property=\"og:image:height\" content=\"540\" \/>\n\t<meta property=\"og:image:type\" content=\"image\/jpeg\" \/>\n<meta name=\"author\" content=\"Sergi Estiarte\" \/>\n<meta name=\"twitter:card\" content=\"summary_large_image\" \/>\n<script type=\"application\/ld+json\" class=\"yoast-schema-graph\">{\"@context\":\"https:\\\/\\\/schema.org\",\"@graph\":[{\"@type\":\"Article\",\"@id\":\"https:\\\/\\\/lumarquimica.com\\\/ca\\\/2025\\\/01\\\/02\\\/lumar-quimica-en-la-prensa-accio-destaca-nuestra-expansion-internacional\\\/#article\",\"isPartOf\":{\"@id\":\"https:\\\/\\\/lumarquimica.com\\\/ca\\\/2025\\\/01\\\/02\\\/lumar-quimica-en-la-prensa-accio-destaca-nuestra-expansion-internacional\\\/\"},\"author\":{\"name\":\"Sergi Estiarte\",\"@id\":\"https:\\\/\\\/lumarquimica.com\\\/ca\\\/#\\\/schema\\\/person\\\/fc3659602824c0d086a4755135edf82b\"},\"headline\":\"Lumar Qu\u00edmica a la premsa: ACCI\u00d3 destaca la nostra expansi\u00f3 internacional\",\"datePublished\":\"2025-01-02T16:02:12+00:00\",\"dateModified\":\"2025-01-24T11:12:35+00:00\",\"mainEntityOfPage\":{\"@id\":\"https:\\\/\\\/lumarquimica.com\\\/ca\\\/2025\\\/01\\\/02\\\/lumar-quimica-en-la-prensa-accio-destaca-nuestra-expansion-internacional\\\/\"},\"wordCount\":277,\"publisher\":{\"@id\":\"https:\\\/\\\/lumarquimica.com\\\/ca\\\/#organization\"},\"image\":{\"@id\":\"https:\\\/\\\/lumarquimica.com\\\/ca\\\/2025\\\/01\\\/02\\\/lumar-quimica-en-la-prensa-accio-destaca-nuestra-expansion-internacional\\\/#primaryimage\"},\"thumbnailUrl\":\"https:\\\/\\\/lumarquimica.com\\\/wp-content\\\/uploads\\\/2025\\\/01\\\/lumar-accio-1.jpg\",\"articleSection\":[\"Not\u00edcies\"],\"inLanguage\":\"ca\"},{\"@type\":\"WebPage\",\"@id\":\"https:\\\/\\\/lumarquimica.com\\\/ca\\\/2025\\\/01\\\/02\\\/lumar-quimica-en-la-prensa-accio-destaca-nuestra-expansion-internacional\\\/\",\"url\":\"https:\\\/\\\/lumarquimica.com\\\/ca\\\/2025\\\/01\\\/02\\\/lumar-quimica-en-la-prensa-accio-destaca-nuestra-expansion-internacional\\\/\",\"name\":\"Lumar Qu\u00edmica a la premsa: ACCI\u00d3 destaca la nostra expansi\u00f3 internacional\",\"isPartOf\":{\"@id\":\"https:\\\/\\\/lumarquimica.com\\\/ca\\\/#website\"},\"primaryImageOfPage\":{\"@id\":\"https:\\\/\\\/lumarquimica.com\\\/ca\\\/2025\\\/01\\\/02\\\/lumar-quimica-en-la-prensa-accio-destaca-nuestra-expansion-internacional\\\/#primaryimage\"},\"image\":{\"@id\":\"https:\\\/\\\/lumarquimica.com\\\/ca\\\/2025\\\/01\\\/02\\\/lumar-quimica-en-la-prensa-accio-destaca-nuestra-expansion-internacional\\\/#primaryimage\"},\"thumbnailUrl\":\"https:\\\/\\\/lumarquimica.com\\\/wp-content\\\/uploads\\\/2025\\\/01\\\/lumar-accio-1.jpg\",\"datePublished\":\"2025-01-02T16:02:12+00:00\",\"dateModified\":\"2025-01-24T11:12:35+00:00\",\"description\":\"A Lumar Qu\u00edmica estem orgullosos de compartir que la nostra recent expansi\u00f3 a M\u00e8xic ha estat not\u00edcia a la nota de premsa publicada per ACCI\u00d3, l'Ag\u00e8ncia per la Competitivitat de l'Empresa de la Generalitat de Catalunya. Aquest reconeixement subratlla la nostra aposta decidida per la internacionalitzaci\u00f3 i el nostre comprom\u00eds amb un creixement sostenible en mercats clau com Am\u00e8rica Llatina.\",\"breadcrumb\":{\"@id\":\"https:\\\/\\\/lumarquimica.com\\\/ca\\\/2025\\\/01\\\/02\\\/lumar-quimica-en-la-prensa-accio-destaca-nuestra-expansion-internacional\\\/#breadcrumb\"},\"inLanguage\":\"ca\",\"potentialAction\":[{\"@type\":\"ReadAction\",\"target\":[\"https:\\\/\\\/lumarquimica.com\\\/ca\\\/2025\\\/01\\\/02\\\/lumar-quimica-en-la-prensa-accio-destaca-nuestra-expansion-internacional\\\/\"]}]},{\"@type\":\"ImageObject\",\"inLanguage\":\"ca\",\"@id\":\"https:\\\/\\\/lumarquimica.com\\\/ca\\\/2025\\\/01\\\/02\\\/lumar-quimica-en-la-prensa-accio-destaca-nuestra-expansion-internacional\\\/#primaryimage\",\"url\":\"https:\\\/\\\/lumarquimica.com\\\/wp-content\\\/uploads\\\/2025\\\/01\\\/lumar-accio-1.jpg\",\"contentUrl\":\"https:\\\/\\\/lumarquimica.com\\\/wp-content\\\/uploads\\\/2025\\\/01\\\/lumar-accio-1.jpg\",\"width\":1170,\"height\":540},{\"@type\":\"BreadcrumbList\",\"@id\":\"https:\\\/\\\/lumarquimica.com\\\/ca\\\/2025\\\/01\\\/02\\\/lumar-quimica-en-la-prensa-accio-destaca-nuestra-expansion-internacional\\\/#breadcrumb\",\"itemListElement\":[{\"@type\":\"ListItem\",\"position\":1,\"name\":\"Inicio\",\"item\":\"https:\\\/\\\/lumarquimica.com\\\/ca\\\/\"},{\"@type\":\"ListItem\",\"position\":2,\"name\":\"Lumar Qu\u00edmica a la premsa: ACCI\u00d3 destaca la nostra expansi\u00f3 internacional\"}]},{\"@type\":\"WebSite\",\"@id\":\"https:\\\/\\\/lumarquimica.com\\\/ca\\\/#website\",\"url\":\"https:\\\/\\\/lumarquimica.com\\\/ca\\\/\",\"name\":\"Lumar Qu\u00edmica\",\"description\":\"Ingredientes y servicios para la formulaci\u00f3n  de lubricantes y fluidos industriales\",\"publisher\":{\"@id\":\"https:\\\/\\\/lumarquimica.com\\\/ca\\\/#organization\"},\"potentialAction\":[{\"@type\":\"SearchAction\",\"target\":{\"@type\":\"EntryPoint\",\"urlTemplate\":\"https:\\\/\\\/lumarquimica.com\\\/ca\\\/?s={search_term_string}\"},\"query-input\":{\"@type\":\"PropertyValueSpecification\",\"valueRequired\":true,\"valueName\":\"search_term_string\"}}],\"inLanguage\":\"ca\"},{\"@type\":\"Organization\",\"@id\":\"https:\\\/\\\/lumarquimica.com\\\/ca\\\/#organization\",\"name\":\"Lumar Qu\u00edmica\",\"url\":\"https:\\\/\\\/lumarquimica.com\\\/ca\\\/\",\"logo\":{\"@type\":\"ImageObject\",\"inLanguage\":\"ca\",\"@id\":\"https:\\\/\\\/lumarquimica.com\\\/ca\\\/#\\\/schema\\\/logo\\\/image\\\/\",\"url\":\"https:\\\/\\\/lumarquimica.com\\\/wp-content\\\/uploads\\\/2022\\\/07\\\/marques_lumar_quimica_h.png\",\"contentUrl\":\"https:\\\/\\\/lumarquimica.com\\\/wp-content\\\/uploads\\\/2022\\\/07\\\/marques_lumar_quimica_h.png\",\"width\":2230,\"height\":312,\"caption\":\"Lumar Qu\u00edmica\"},\"image\":{\"@id\":\"https:\\\/\\\/lumarquimica.com\\\/ca\\\/#\\\/schema\\\/logo\\\/image\\\/\"}},{\"@type\":\"Person\",\"@id\":\"https:\\\/\\\/lumarquimica.com\\\/ca\\\/#\\\/schema\\\/person\\\/fc3659602824c0d086a4755135edf82b\",\"name\":\"Sergi Estiarte\",\"image\":{\"@type\":\"ImageObject\",\"inLanguage\":\"ca\",\"@id\":\"https:\\\/\\\/lumarquimica.com\\\/wp-content\\\/uploads\\\/2024\\\/11\\\/cropped-SE-scaled-1-96x96.jpg\",\"url\":\"https:\\\/\\\/lumarquimica.com\\\/wp-content\\\/uploads\\\/2024\\\/11\\\/cropped-SE-scaled-1-96x96.jpg\",\"contentUrl\":\"https:\\\/\\\/lumarquimica.com\\\/wp-content\\\/uploads\\\/2024\\\/11\\\/cropped-SE-scaled-1-96x96.jpg\",\"caption\":\"Sergi Estiarte\"},\"sameAs\":[\"https:\\\/\\\/lumarquimica.com\"]}]}<\/script>\n<!-- \/ Yoast SEO plugin. -->","yoast_head_json":{"title":"Lumar Qu\u00edmica a la premsa: ACCI\u00d3 destaca la nostra expansi\u00f3 internacional","description":"A Lumar Qu\u00edmica estem orgullosos de compartir que la nostra recent expansi\u00f3 a M\u00e8xic ha estat not\u00edcia a la nota de premsa publicada per ACCI\u00d3, l'Ag\u00e8ncia per la Competitivitat de l'Empresa de la Generalitat de Catalunya. Aquest reconeixement subratlla la nostra aposta decidida per la internacionalitzaci\u00f3 i el nostre comprom\u00eds amb un creixement sostenible en mercats clau com Am\u00e8rica Llatina.","robots":{"index":"index","follow":"follow","max-snippet":"max-snippet:-1","max-image-preview":"max-image-preview:large","max-video-preview":"max-video-preview:-1"},"canonical":"https:\/\/lumarquimica.com\/ca\/2025\/01\/02\/lumar-quimica-en-la-prensa-accio-destaca-nuestra-expansion-internacional\/","og_locale":"ca_ES","og_type":"article","og_title":"Lumar Qu\u00edmica a la premsa: ACCI\u00d3 destaca la nostra expansi\u00f3 internacional","og_description":"A Lumar Qu\u00edmica estem orgullosos de compartir que la nostra recent expansi\u00f3 a M\u00e8xic ha estat not\u00edcia a la nota de premsa publicada per ACCI\u00d3, l'Ag\u00e8ncia per la Competitivitat de l'Empresa de la Generalitat de Catalunya. Aquest reconeixement subratlla la nostra aposta decidida per la internacionalitzaci\u00f3 i el nostre comprom\u00eds amb un creixement sostenible en mercats clau com Am\u00e8rica Llatina.","og_url":"https:\/\/lumarquimica.com\/ca\/2025\/01\/02\/lumar-quimica-en-la-prensa-accio-destaca-nuestra-expansion-internacional\/","og_site_name":"Lumar Qu\u00edmica","article_published_time":"2025-01-02T16:02:12+00:00","article_modified_time":"2025-01-24T11:12:35+00:00","og_image":[{"width":1170,"height":540,"url":"https:\/\/lumarquimica.com\/wp-content\/uploads\/2025\/01\/lumar-accio-1.jpg","type":"image\/jpeg"}],"author":"Sergi Estiarte","twitter_card":"summary_large_image","schema":{"@context":"https:\/\/schema.org","@graph":[{"@type":"Article","@id":"https:\/\/lumarquimica.com\/ca\/2025\/01\/02\/lumar-quimica-en-la-prensa-accio-destaca-nuestra-expansion-internacional\/#article","isPartOf":{"@id":"https:\/\/lumarquimica.com\/ca\/2025\/01\/02\/lumar-quimica-en-la-prensa-accio-destaca-nuestra-expansion-internacional\/"},"author":{"name":"Sergi Estiarte","@id":"https:\/\/lumarquimica.com\/ca\/#\/schema\/person\/fc3659602824c0d086a4755135edf82b"},"headline":"Lumar Qu\u00edmica a la premsa: ACCI\u00d3 destaca la nostra expansi\u00f3 internacional","datePublished":"2025-01-02T16:02:12+00:00","dateModified":"2025-01-24T11:12:35+00:00","mainEntityOfPage":{"@id":"https:\/\/lumarquimica.com\/ca\/2025\/01\/02\/lumar-quimica-en-la-prensa-accio-destaca-nuestra-expansion-internacional\/"},"wordCount":277,"publisher":{"@id":"https:\/\/lumarquimica.com\/ca\/#organization"},"image":{"@id":"https:\/\/lumarquimica.com\/ca\/2025\/01\/02\/lumar-quimica-en-la-prensa-accio-destaca-nuestra-expansion-internacional\/#primaryimage"},"thumbnailUrl":"https:\/\/lumarquimica.com\/wp-content\/uploads\/2025\/01\/lumar-accio-1.jpg","articleSection":["Not\u00edcies"],"inLanguage":"ca"},{"@type":"WebPage","@id":"https:\/\/lumarquimica.com\/ca\/2025\/01\/02\/lumar-quimica-en-la-prensa-accio-destaca-nuestra-expansion-internacional\/","url":"https:\/\/lumarquimica.com\/ca\/2025\/01\/02\/lumar-quimica-en-la-prensa-accio-destaca-nuestra-expansion-internacional\/","name":"Lumar Qu\u00edmica a la premsa: ACCI\u00d3 destaca la nostra expansi\u00f3 internacional","isPartOf":{"@id":"https:\/\/lumarquimica.com\/ca\/#website"},"primaryImageOfPage":{"@id":"https:\/\/lumarquimica.com\/ca\/2025\/01\/02\/lumar-quimica-en-la-prensa-accio-destaca-nuestra-expansion-internacional\/#primaryimage"},"image":{"@id":"https:\/\/lumarquimica.com\/ca\/2025\/01\/02\/lumar-quimica-en-la-prensa-accio-destaca-nuestra-expansion-internacional\/#primaryimage"},"thumbnailUrl":"https:\/\/lumarquimica.com\/wp-content\/uploads\/2025\/01\/lumar-accio-1.jpg","datePublished":"2025-01-02T16:02:12+00:00","dateModified":"2025-01-24T11:12:35+00:00","description":"A Lumar Qu\u00edmica estem orgullosos de compartir que la nostra recent expansi\u00f3 a M\u00e8xic ha estat not\u00edcia a la nota de premsa publicada per ACCI\u00d3, l'Ag\u00e8ncia per la Competitivitat de l'Empresa de la Generalitat de Catalunya. Aquest reconeixement subratlla la nostra aposta decidida per la internacionalitzaci\u00f3 i el nostre comprom\u00eds amb un creixement sostenible en mercats clau com Am\u00e8rica Llatina.","breadcrumb":{"@id":"https:\/\/lumarquimica.com\/ca\/2025\/01\/02\/lumar-quimica-en-la-prensa-accio-destaca-nuestra-expansion-internacional\/#breadcrumb"},"inLanguage":"ca","potentialAction":[{"@type":"ReadAction","target":["https:\/\/lumarquimica.com\/ca\/2025\/01\/02\/lumar-quimica-en-la-prensa-accio-destaca-nuestra-expansion-internacional\/"]}]},{"@type":"ImageObject","inLanguage":"ca","@id":"https:\/\/lumarquimica.com\/ca\/2025\/01\/02\/lumar-quimica-en-la-prensa-accio-destaca-nuestra-expansion-internacional\/#primaryimage","url":"https:\/\/lumarquimica.com\/wp-content\/uploads\/2025\/01\/lumar-accio-1.jpg","contentUrl":"https:\/\/lumarquimica.com\/wp-content\/uploads\/2025\/01\/lumar-accio-1.jpg","width":1170,"height":540},{"@type":"BreadcrumbList","@id":"https:\/\/lumarquimica.com\/ca\/2025\/01\/02\/lumar-quimica-en-la-prensa-accio-destaca-nuestra-expansion-internacional\/#breadcrumb","itemListElement":[{"@type":"ListItem","position":1,"name":"Inicio","item":"https:\/\/lumarquimica.com\/ca\/"},{"@type":"ListItem","position":2,"name":"Lumar Qu\u00edmica a la premsa: ACCI\u00d3 destaca la nostra expansi\u00f3 internacional"}]},{"@type":"WebSite","@id":"https:\/\/lumarquimica.com\/ca\/#website","url":"https:\/\/lumarquimica.com\/ca\/","name":"Lumar Qu\u00edmica","description":"Ingredientes y servicios para la formulaci\u00f3n  de lubricantes y fluidos industriales","publisher":{"@id":"https:\/\/lumarquimica.com\/ca\/#organization"},"potentialAction":[{"@type":"SearchAction","target":{"@type":"EntryPoint","urlTemplate":"https:\/\/lumarquimica.com\/ca\/?s={search_term_string}"},"query-input":{"@type":"PropertyValueSpecification","valueRequired":true,"valueName":"search_term_string"}}],"inLanguage":"ca"},{"@type":"Organization","@id":"https:\/\/lumarquimica.com\/ca\/#organization","name":"Lumar Qu\u00edmica","url":"https:\/\/lumarquimica.com\/ca\/","logo":{"@type":"ImageObject","inLanguage":"ca","@id":"https:\/\/lumarquimica.com\/ca\/#\/schema\/logo\/image\/","url":"https:\/\/lumarquimica.com\/wp-content\/uploads\/2022\/07\/marques_lumar_quimica_h.png","contentUrl":"https:\/\/lumarquimica.com\/wp-content\/uploads\/2022\/07\/marques_lumar_quimica_h.png","width":2230,"height":312,"caption":"Lumar Qu\u00edmica"},"image":{"@id":"https:\/\/lumarquimica.com\/ca\/#\/schema\/logo\/image\/"}},{"@type":"Person","@id":"https:\/\/lumarquimica.com\/ca\/#\/schema\/person\/fc3659602824c0d086a4755135edf82b","name":"Sergi Estiarte","image":{"@type":"ImageObject","inLanguage":"ca","@id":"https:\/\/lumarquimica.com\/wp-content\/uploads\/2024\/11\/cropped-SE-scaled-1-96x96.jpg","url":"https:\/\/lumarquimica.com\/wp-content\/uploads\/2024\/11\/cropped-SE-scaled-1-96x96.jpg","contentUrl":"https:\/\/lumarquimica.com\/wp-content\/uploads\/2024\/11\/cropped-SE-scaled-1-96x96.jpg","caption":"Sergi Estiarte"},"sameAs":["https:\/\/lumarquimica.com"]}]}},"_links":{"self":[{"href":"https:\/\/lumarquimica.com\/ca\/wp-json\/wp\/v2\/posts\/12172","targetHints":{"allow":["GET"]}}],"collection":[{"href":"https:\/\/lumarquimica.com\/ca\/wp-json\/wp\/v2\/posts"}],"about":[{"href":"https:\/\/lumarquimica.com\/ca\/wp-json\/wp\/v2\/types\/post"}],"author":[{"embeddable":true,"href":"https:\/\/lumarquimica.com\/ca\/wp-json\/wp\/v2\/users\/3"}],"replies":[{"embeddable":true,"href":"https:\/\/lumarquimica.com\/ca\/wp-json\/wp\/v2\/comments?post=12172"}],"version-history":[{"count":0,"href":"https:\/\/lumarquimica.com\/ca\/wp-json\/wp\/v2\/posts\/12172\/revisions"}],"wp:featuredmedia":[{"embeddable":true,"href":"https:\/\/lumarquimica.com\/ca\/wp-json\/wp\/v2\/media\/12180"}],"wp:attachment":[{"href":"https:\/\/lumarquimica.com\/ca\/wp-json\/wp\/v2\/media?parent=12172"}],"wp:term":[{"taxonomy":"category","embeddable":true,"href":"https:\/\/lumarquimica.com\/ca\/wp-json\/wp\/v2\/categories?post=12172"},{"taxonomy":"post_tag","embeddable":true,"href":"https:\/\/lumarquimica.com\/ca\/wp-json\/wp\/v2\/tags?post=12172"}],"curies":[{"name":"wp","href":"https:\/\/api.w.org\/{rel}","templated":true}]}}